{"id":216,"date":"2013-05-28T20:10:20","date_gmt":"2013-05-28T20:10:20","guid":{"rendered":"http:\/\/brfdiariet6.se\/?p=216"},"modified":"2013-05-28T20:10:20","modified_gmt":"2013-05-28T20:10:20","slug":"grillplats-for-boenden-i-brf-diariet-6","status":"publish","type":"post","link":"https:\/\/brfdiariet6.se\/?p=216","title":{"rendered":"Grillplats f\u00f6r boenden i Brf Diariet 6"},"content":{"rendered":"<p>Nu finns grillplatsen till f\u00f6rfogande f\u00f6r alla boenden i Brf Diariet 6. V\u00e4nligen se till att h\u00e5lla platsen st\u00e4dad efter anv\u00e4ndning f\u00f6r allas trivsel. Vid anv\u00e4ndning av grill v\u00e4nligen h\u00e4mta grillgaller i port 28-30 i ett allm\u00e4nt utrymme dit alla boende har tillg\u00e5ng, efter anv\u00e4ndning l\u00e4gg tillbaka grillgallret s\u00e5 det h\u00e5ller sig helt och rent.<\/p>\n<p><a href=\"https:\/\/brfdiariet6.se\/wp-content\/uploads\/2013\/05\/IMG_2425.jpg\"><img loading=\"lazy\" class=\"alignnone size-full wp-image-203\" alt=\"IMG_2425\" src=\"https:\/\/brfdiariet6.se\/wp-content\/uploads\/2013\/05\/IMG_2425.jpg\" width=\"1280\" height=\"853\" srcset=\"https:\/\/brfdiariet6.se\/wp-content\/uploads\/2013\/05\/IMG_2425.jpg 1280w, https:\/\/brfdiariet6.se\/wp-content\/uploads\/2013\/05\/IMG_2425-300x199.jpg 300w, https:\/\/brfdiariet6.se\/wp-content\/uploads\/2013\/05\/IMG_2425-1024x682.jpg 1024w\" sizes=\"(max-width: 767px) 89vw, (max-width: 1000px) 54vw, (max-width: 1071px) 543px, 580px\" \/><\/a><\/p>\n<figure id=\"attachment_189\" aria-describedby=\"caption-attachment-189\" style=\"width: 853px\" class=\"wp-caption alignnone\"><a href=\"https:\/\/brfdiariet6.se\/wp-content\/uploads\/2013\/05\/IMG_2438.jpg\"><img loading=\"lazy\" class=\"size-full wp-image-189\" alt=\"F\u00f6reningens grillplats\" src=\"https:\/\/brfdiariet6.se\/wp-content\/uploads\/2013\/05\/IMG_2438.jpg\" width=\"853\" height=\"1280\" srcset=\"https:\/\/brfdiariet6.se\/wp-content\/uploads\/2013\/05\/IMG_2438.jpg 853w, https:\/\/brfdiariet6.se\/wp-content\/uploads\/2013\/05\/IMG_2438-199x300.jpg 199w, https:\/\/brfdiariet6.se\/wp-content\/uploads\/2013\/05\/IMG_2438-682x1024.jpg 682w\" sizes=\"(max-width: 767px) 89vw, (max-width: 1000px) 54vw, (max-width: 1071px) 543px, 580px\" \/><\/a><figcaption id=\"caption-attachment-189\" class=\"wp-caption-text\">F\u00f6reningens grillplats<\/figcaption><\/figure>\n<div id=\"fbPhotoSnowliftPagesTagList\"><\/div>\n<p><span class=\"fbPhotosPhotoCaption\" style=\"outline: none; display: inline; width: auto; font-size: 13px; line-height: 18px; color: #333333; font-family: 'lucida grande', tahoma, verdana, arial, sans-serif; background-color: #ffffff;\" tabindex=\"0\" data-ft=\"{&quot;type&quot;:45}\"><span class=\"hasCaption\">\u00a0<\/span><\/span><\/p>\n","protected":false},"excerpt":{"rendered":"<p>Nu finns grillplatsen till f\u00f6rfogande f\u00f6r alla boenden i Brf Diariet 6. V\u00e4nligen se till att h\u00e5lla platsen st\u00e4dad efter anv\u00e4ndning f\u00f6r allas trivsel. Vid anv\u00e4ndning av grill v\u00e4nligen h\u00e4mta grillgaller i port 28-30 i ett allm\u00e4nt utrymme dit alla boende har tillg\u00e5ng, efter anv\u00e4ndning l\u00e4gg tillbaka grillgallret s\u00e5 det h\u00e5ller sig helt och rent. &hellip; <\/p>\n<p class=\"link-more\"><a href=\"https:\/\/brfdiariet6.se\/?p=216\" class=\"more-link\">Forts\u00e4tt l\u00e4sa<span class=\"screen-reader-text\"> \u201dGrillplats f\u00f6r boenden i Brf Diariet 6\u201d<\/span><\/a><\/p>\n","protected":false},"author":1,"featured_media":0,"comment_status":"closed","ping_status":"open","sticky":false,"template":"","format":"standard","meta":[],"categories":[3],"tags":[],"_links":{"self":[{"href":"https:\/\/brfdiariet6.se\/index.php?rest_route=\/wp\/v2\/posts\/216"}],"collection":[{"href":"https:\/\/brfdiariet6.se\/index.php?rest_route=\/wp\/v2\/posts"}],"about":[{"href":"https:\/\/brfdiariet6.se\/index.php?rest_route=\/wp\/v2\/types\/post"}],"author":[{"embeddable":true,"href":"https:\/\/brfdiariet6.se\/index.php?rest_route=\/wp\/v2\/users\/1"}],"replies":[{"embeddable":true,"href":"https:\/\/brfdiariet6.se\/index.php?rest_route=%2Fwp%2Fv2%2Fcomments&post=216"}],"version-history":[{"count":2,"href":"https:\/\/brfdiariet6.se\/index.php?rest_route=\/wp\/v2\/posts\/216\/revisions"}],"predecessor-version":[{"id":218,"href":"https:\/\/brfdiariet6.se\/index.php?rest_route=\/wp\/v2\/posts\/216\/revisions\/218"}],"wp:attachment":[{"href":"https:\/\/brfdiariet6.se\/index.php?rest_route=%2Fwp%2Fv2%2Fmedia&parent=216"}],"wp:term":[{"taxonomy":"category","embeddable":true,"href":"https:\/\/brfdiariet6.se\/index.php?rest_route=%2Fwp%2Fv2%2Fcategories&post=216"},{"taxonomy":"post_tag","embeddable":true,"href":"https:\/\/brfdiariet6.se\/index.php?rest_route=%2Fwp%2Fv2%2Ftags&post=216"}],"curies":[{"name":"wp","href":"https:\/\/api.w.org\/{rel}","templated":true}]}}