{"id":288,"date":"2016-06-08T10:45:37","date_gmt":"2016-06-08T10:45:37","guid":{"rendered":"http:\/\/brfdiariet6.se\/?p=288"},"modified":"2017-04-23T17:24:09","modified_gmt":"2017-04-23T17:24:09","slug":"arsstamma-2016","status":"publish","type":"post","link":"https:\/\/brfdiariet6.se\/?p=288","title":{"rendered":"\u00c5rsst\u00e4mma 2017"},"content":{"rendered":"<p>TID: Onsdagen 24 maj klockan 19.00<\/p>\n<p>PLATS: ALSA AB:s lokal Registerv\u00e4gen 36<\/p>\n<p>DAGORDNING<\/p>\n<p>\u00a7 1 St\u00e4mmans \u00f6ppnande<\/p>\n<p>\u00a7 2 Godk\u00e4nnande av dagordning<\/p>\n<p>\u00a7 3 Val av ordf\u00f6rande f\u00f6r st\u00e4mman<\/p>\n<p>\u00a7 4 Anm\u00e4lan av ordf\u00f6randes val av protokollf\u00f6rare<\/p>\n<p>\u00a7 5 \u00a0Val av en justeringsperson, tillika r\u00f6str\u00e4knare,<\/p>\n<p>som j\u00e4mte ordf\u00f6randen skall justera protokollet<\/p>\n<p>\u00a7 6 Fr\u00e5gan om st\u00e4mman blivit i beh\u00f6rig ordning utlyst<\/p>\n<p>\u00a7 7 Fastst\u00e4llande av r\u00f6stl\u00e4ngden<\/p>\n<p>\u00a7 8 Styrelsens \u00e5rsredovisning f\u00f6r 2015<\/p>\n<p>\u00a7 9 Revisorns ber\u00e4ttelse<\/p>\n<p>\u00a7 10 Fastst\u00e4llande av resultat- och balansr\u00e4kning<\/p>\n<p>\u00a7 11 Beslut om resultatdisposition<\/p>\n<p>\u00a7 12 Beslut om ansvarsfrihet f\u00f6r styrelsen<\/p>\n<p>\u00a7 13 Beslut om arvode \u00e5t styrelse och revisor inf\u00f6r kommande \u00e5r<\/p>\n<p>\u00a7 14 Val av styrelseledam\u00f6ter och suppleanter<\/p>\n<p>\u00a7 15 Val av revisor<\/p>\n<p>\u00a7 16 Av styrelsen till st\u00e4mman h\u00e4nskjutna fr\u00e5gor samt \u00e4renden enligt \u00a7 40<\/p>\n<p>i f\u00f6reningens stadgar<\/p>\n<p>\u00a7 17 St\u00e4mmans avslutande<\/p>\n<p>&nbsp;<\/p>\n<p>&nbsp;<\/p>\n","protected":false},"excerpt":{"rendered":"<p>TID: Onsdagen 24 maj klockan 19.00 PLATS: ALSA AB:s lokal Registerv\u00e4gen 36 DAGORDNING \u00a7 1 St\u00e4mmans \u00f6ppnande \u00a7 2 Godk\u00e4nnande av dagordning \u00a7 3 Val av ordf\u00f6rande f\u00f6r st\u00e4mman \u00a7 4 Anm\u00e4lan av ordf\u00f6randes val av protokollf\u00f6rare \u00a7 5 \u00a0Val av en justeringsperson, tillika r\u00f6str\u00e4knare, som j\u00e4mte ordf\u00f6randen skall justera protokollet \u00a7 6 Fr\u00e5gan om &hellip; <\/p>\n<p class=\"link-more\"><a href=\"https:\/\/brfdiariet6.se\/?p=288\" class=\"more-link\">Forts\u00e4tt l\u00e4sa<span class=\"screen-reader-text\"> \u201d\u00c5rsst\u00e4mma 2017\u201d<\/span><\/a><\/p>\n","protected":false},"author":1,"featured_media":0,"comment_status":"closed","ping_status":"open","sticky":false,"template":"","format":"standard","meta":[],"categories":[1],"tags":[],"_links":{"self":[{"href":"https:\/\/brfdiariet6.se\/index.php?rest_route=\/wp\/v2\/posts\/288"}],"collection":[{"href":"https:\/\/brfdiariet6.se\/index.php?rest_route=\/wp\/v2\/posts"}],"about":[{"href":"https:\/\/brfdiariet6.se\/index.php?rest_route=\/wp\/v2\/types\/post"}],"author":[{"embeddable":true,"href":"https:\/\/brfdiariet6.se\/index.php?rest_route=\/wp\/v2\/users\/1"}],"replies":[{"embeddable":true,"href":"https:\/\/brfdiariet6.se\/index.php?rest_route=%2Fwp%2Fv2%2Fcomments&post=288"}],"version-history":[{"count":4,"href":"https:\/\/brfdiariet6.se\/index.php?rest_route=\/wp\/v2\/posts\/288\/revisions"}],"predecessor-version":[{"id":305,"href":"https:\/\/brfdiariet6.se\/index.php?rest_route=\/wp\/v2\/posts\/288\/revisions\/305"}],"wp:attachment":[{"href":"https:\/\/brfdiariet6.se\/index.php?rest_route=%2Fwp%2Fv2%2Fmedia&parent=288"}],"wp:term":[{"taxonomy":"category","embeddable":true,"href":"https:\/\/brfdiariet6.se\/index.php?rest_route=%2Fwp%2Fv2%2Fcategories&post=288"},{"taxonomy":"post_tag","embeddable":true,"href":"https:\/\/brfdiariet6.se\/index.php?rest_route=%2Fwp%2Fv2%2Ftags&post=288"}],"curies":[{"name":"wp","href":"https:\/\/api.w.org\/{rel}","templated":true}]}}